{"id":3361,"date":"2022-06-14T15:47:44","date_gmt":"2022-06-14T15:47:44","guid":{"rendered":"https:\/\/vmcompeticion.com\/nuevo-exito-en-la-baja-extremadura-para-vm-competicion\/"},"modified":"2023-07-06T15:37:15","modified_gmt":"2023-07-06T15:37:15","slug":"nuevo-exito-en-la-baja-extremadura-para-vm-competicion","status":"publish","type":"post","link":"https:\/\/vmcompeticion.com\/en\/nuevo-exito-en-la-baja-extremadura-para-vm-competicion\/","title":{"rendered":"NEW TRIUMPH IN 2022 BAJA EXTREMADURA FOR VM COMPETITION"},"content":{"rendered":"<p>[vc_row][vc_column][vc_column_text]<\/p>\n<h1>PODIUM AGAIN IN A COMPLICATED BAJA<\/h1>\n<p>[\/vc_column_text][\/vc_column][\/vc_row][vc_row][vc_column][vc_column_text]During the weekend from April 28 to May 1, the Baja TT Dehesa Extremadura was held, the first valid race for the European Bajas Cross Country Championship, as well as being the first race of the Spanish All-Terrain Rally Championship. .<\/p>\n<p><em>VM<\/em> participated with three vehicles: Two in the Spanish championship, for <strong>Enrique Reyes<\/strong> co-driven by <strong>Fina Roman<\/strong> with the <em>VM Competici\u00f3n ordaz-R<\/em> in the T3 category and <strong>Miguel Guillermo Valero Talens<\/strong> who was once again co-driven by <strong>Marta Plaza<\/strong>, already recovered from her injury , aboard the <em>Canam Maverick<\/em> in the SSV category; and a third in the European Championship, driven by <strong>Miguel Valero<\/strong> together with <strong>Jaqueline Ricci<\/strong> aboard the <em>VM Competici\u00f3n T4<\/em>, within the T4 category.<\/p>\n<p>The race began on Thursday, April 28, with the verifications of the vehicles that lasted throughout the day. More than 130 participants between cars, SSV, motorcycles and quads.[\/vc_column_text][\/vc_column][\/vc_row][vc_row][vc_column][vc_gallery interval=&#8221;3&#8243; images=&#8221;3060&#8243; img_size=&#8221;full&#8221;][\/vc_column][\/vc_row][vc_row][vc_column][vc_column_text]On Friday the 29th, the first special test of 6 kilometers was held, which would establish the starting order for the next stage on Saturday. In addition to officiating the podium ceremony in the center of the capital of Badajoz. Very good results for the drivers <strong>Enrique Reyes<\/strong> and <strong>Miguel Valero<\/strong> who finished first in their respective categories, fifth and eighth overall respectively, while the SSV drivers started more conservatively and finished in a much more modest position.[\/vc_column_text][\/vc_column][\/vc_row][vc_row][vc_column][vc_gallery interval=&#8221;3&#8243; images=&#8221;2962,3058,3056,3054&#8243; img_size=&#8221;full&#8221;][\/vc_column][\/vc_row][vc_row][vc_column][vc_column_text]On Saturday the 30th, two 150-kilometer sections of pure Dehesa Extreme\u00f1a were run. The sections were very hard and had many hidden traps, so in this first pass there were some scares that made us lose some time and our drivers preferred to be careful. During the second pass the scares were repeated. <strong>Enrique Reyes<\/strong> kept his position, while <strong>Miguel Valero<\/strong> had a problem that slowed him down. The youngest of the team was going from less to more and was climbing positions, placing seventh in the SSV classification at the end of the day.<\/p>\n<p>On Sunday the 1st the last section of 120 km was run with very different sections, more traps and very different sections that made riding very difficult. <strong>Enrique Reyes<\/strong> came out to maintain his position, managing to finish in fifth position overall and second in his category. <strong>Miguel Valero<\/strong>, with the car somewhat damaged, began a comeback that took him to eighteenth place overall and fourth in his category in the European Bajas Cup. And the greatest comeback was for the little ones from the &#8220;blue team&#8221;, <strong>Miguel Guillermo<\/strong> and <strong>Marta<\/strong>, who in the end climbed to fourth place within the SSV, less than a minute from the third step of the podium.[\/vc_column_text][\/vc_column][\/vc_row][vc_row][vc_column][vc_gallery interval=&#8221;3&#8243; images=&#8221;2978,2972,3046,3048,3050,3052&#8243; img_size=&#8221;full&#8221;][\/vc_column][\/vc_row][vc_row][vc_column][vc_column_text]View <a href=\"https:\/\/vmcompeticion.com\/en\/rl_gallery\/baja-tt-dehesa-extremadura-2022\/\">image Gallery<\/a> &#8230;[\/vc_column_text][\/vc_column][\/vc_row]<\/p>\n","protected":false},"excerpt":{"rendered":"<p>[vc_row][vc_column][vc_column_text] PODIUM AGAIN IN A COMPLICATED BAJA [\/vc_column_text][\/vc_column][\/vc_row][vc_row][vc_column][vc_column_text]During the weekend from April 28 to May 1, the Baja TT Dehesa Extremadura was held, the first valid race for the European Bajas Cross Country Championship, as well as being the first race of the Spanish All-Terrain Rally Championship. . VM participated with three vehicles: Two in[&#8230;] <\/p>\n<p class=\"mt-15\"><a class=\"btn btn-color btn-sm\" href=\"https:\/\/vmcompeticion.com\/en\/nuevo-exito-en-la-baja-extremadura-para-vm-competicion\/\">Read More<\/a><\/p>\n","protected":false},"author":4,"featured_media":2990,"comment_status":"open","ping_status":"open","sticky":false,"template":"","format":"standard","meta":{"inline_featured_image":false,"footnotes":""},"categories":[],"tags":[],"class_list":["post-3361","post","type-post","status-publish","format-standard","has-post-thumbnail","hentry"],"yoast_head":"<!-- This site is optimized with the Yoast SEO plugin v27.5 - https:\/\/yoast.com\/product\/yoast-seo-wordpress\/ -->\n<title>NEW TRIUMPH IN 2022 BAJA EXTREMADURA FOR VM COMPETITION - VM Competici\u00f3n<\/title>\n<meta name=\"robots\" content=\"index, follow, max-snippet:-1, max-image-preview:large, max-video-preview:-1\" \/>\n<link rel=\"canonical\" href=\"https:\/\/vmcompeticion.com\/en\/nuevo-exito-en-la-baja-extremadura-para-vm-competicion\/\" \/>\n<meta property=\"og:locale\" content=\"en_US\" \/>\n<meta property=\"og:type\" content=\"article\" \/>\n<meta property=\"og:title\" content=\"NEW TRIUMPH IN 2022 BAJA EXTREMADURA FOR VM COMPETITION - VM Competici\u00f3n\" \/>\n<meta property=\"og:description\" content=\"[vc_row][vc_column][vc_column_text] PODIUM AGAIN IN A COMPLICATED BAJA [\/vc_column_text][\/vc_column][\/vc_row][vc_row][vc_column][vc_column_text]During the weekend from April 28 to May 1, the Baja TT Dehesa Extremadura was held, the first valid race for the European Bajas Cross Country Championship, as well as being the first race of the Spanish All-Terrain Rally Championship. . VM participated with three vehicles: Two in[...] Read More\" \/>\n<meta property=\"og:url\" content=\"https:\/\/vmcompeticion.com\/en\/nuevo-exito-en-la-baja-extremadura-para-vm-competicion\/\" \/>\n<meta property=\"og:site_name\" content=\"VM Competici\u00f3n\" \/>\n<meta property=\"article:publisher\" content=\"https:\/\/www.facebook.com\/vm.competicion.2016\" \/>\n<meta property=\"article:published_time\" content=\"2022-06-14T15:47:44+00:00\" \/>\n<meta property=\"article:modified_time\" content=\"2023-07-06T15:37:15+00:00\" \/>\n<meta property=\"og:image\" content=\"https:\/\/vmcompeticion.com\/wp-content\/uploads\/2022\/06\/VM_Extremadura_00.jpg\" \/>\n\t<meta property=\"og:image:width\" content=\"1915\" \/>\n\t<meta property=\"og:image:height\" content=\"763\" \/>\n\t<meta property=\"og:image:type\" content=\"image\/jpeg\" \/>\n<meta name=\"author\" content=\"VM Competicion\" \/>\n<meta name=\"twitter:card\" content=\"summary_large_image\" \/>\n<meta name=\"twitter:creator\" content=\"@vmcompeticion\" \/>\n<meta name=\"twitter:site\" content=\"@vmcompeticion\" \/>\n<meta name=\"twitter:label1\" content=\"Written by\" \/>\n\t<meta name=\"twitter:data1\" content=\"VM Competicion\" \/>\n\t<meta name=\"twitter:label2\" content=\"Est. reading time\" \/>\n\t<meta name=\"twitter:data2\" content=\"3 minutes\" \/>\n<script type=\"application\/ld+json\" class=\"yoast-schema-graph\">{\"@context\":\"https:\\\/\\\/schema.org\",\"@graph\":[{\"@type\":\"Article\",\"@id\":\"https:\\\/\\\/vmcompeticion.com\\\/en\\\/nuevo-exito-en-la-baja-extremadura-para-vm-competicion\\\/#article\",\"isPartOf\":{\"@id\":\"https:\\\/\\\/vmcompeticion.com\\\/en\\\/nuevo-exito-en-la-baja-extremadura-para-vm-competicion\\\/\"},\"author\":{\"name\":\"VM Competicion\",\"@id\":\"https:\\\/\\\/vmcompeticion.com\\\/en\\\/#\\\/schema\\\/person\\\/8d1d5b610a085ed60c4a05c2c3a3b235\"},\"headline\":\"NEW TRIUMPH IN 2022 BAJA EXTREMADURA FOR VM COMPETITION\",\"datePublished\":\"2022-06-14T15:47:44+00:00\",\"dateModified\":\"2023-07-06T15:37:15+00:00\",\"mainEntityOfPage\":{\"@id\":\"https:\\\/\\\/vmcompeticion.com\\\/en\\\/nuevo-exito-en-la-baja-extremadura-para-vm-competicion\\\/\"},\"wordCount\":559,\"commentCount\":0,\"image\":{\"@id\":\"https:\\\/\\\/vmcompeticion.com\\\/en\\\/nuevo-exito-en-la-baja-extremadura-para-vm-competicion\\\/#primaryimage\"},\"thumbnailUrl\":\"https:\\\/\\\/vmcompeticion.com\\\/wp-content\\\/uploads\\\/2022\\\/06\\\/VM_Extremadura_00.jpg\",\"inLanguage\":\"en-US\",\"potentialAction\":[{\"@type\":\"CommentAction\",\"name\":\"Comment\",\"target\":[\"https:\\\/\\\/vmcompeticion.com\\\/en\\\/nuevo-exito-en-la-baja-extremadura-para-vm-competicion\\\/#respond\"]}]},{\"@type\":\"WebPage\",\"@id\":\"https:\\\/\\\/vmcompeticion.com\\\/en\\\/nuevo-exito-en-la-baja-extremadura-para-vm-competicion\\\/\",\"url\":\"https:\\\/\\\/vmcompeticion.com\\\/en\\\/nuevo-exito-en-la-baja-extremadura-para-vm-competicion\\\/\",\"name\":\"NEW TRIUMPH IN 2022 BAJA EXTREMADURA FOR VM COMPETITION - VM Competici\u00f3n\",\"isPartOf\":{\"@id\":\"https:\\\/\\\/vmcompeticion.com\\\/en\\\/#website\"},\"primaryImageOfPage\":{\"@id\":\"https:\\\/\\\/vmcompeticion.com\\\/en\\\/nuevo-exito-en-la-baja-extremadura-para-vm-competicion\\\/#primaryimage\"},\"image\":{\"@id\":\"https:\\\/\\\/vmcompeticion.com\\\/en\\\/nuevo-exito-en-la-baja-extremadura-para-vm-competicion\\\/#primaryimage\"},\"thumbnailUrl\":\"https:\\\/\\\/vmcompeticion.com\\\/wp-content\\\/uploads\\\/2022\\\/06\\\/VM_Extremadura_00.jpg\",\"datePublished\":\"2022-06-14T15:47:44+00:00\",\"dateModified\":\"2023-07-06T15:37:15+00:00\",\"author\":{\"@id\":\"https:\\\/\\\/vmcompeticion.com\\\/en\\\/#\\\/schema\\\/person\\\/8d1d5b610a085ed60c4a05c2c3a3b235\"},\"breadcrumb\":{\"@id\":\"https:\\\/\\\/vmcompeticion.com\\\/en\\\/nuevo-exito-en-la-baja-extremadura-para-vm-competicion\\\/#breadcrumb\"},\"inLanguage\":\"en-US\",\"potentialAction\":[{\"@type\":\"ReadAction\",\"target\":[\"https:\\\/\\\/vmcompeticion.com\\\/en\\\/nuevo-exito-en-la-baja-extremadura-para-vm-competicion\\\/\"]}]},{\"@type\":\"ImageObject\",\"inLanguage\":\"en-US\",\"@id\":\"https:\\\/\\\/vmcompeticion.com\\\/en\\\/nuevo-exito-en-la-baja-extremadura-para-vm-competicion\\\/#primaryimage\",\"url\":\"https:\\\/\\\/vmcompeticion.com\\\/wp-content\\\/uploads\\\/2022\\\/06\\\/VM_Extremadura_00.jpg\",\"contentUrl\":\"https:\\\/\\\/vmcompeticion.com\\\/wp-content\\\/uploads\\\/2022\\\/06\\\/VM_Extremadura_00.jpg\",\"width\":1915,\"height\":763},{\"@type\":\"BreadcrumbList\",\"@id\":\"https:\\\/\\\/vmcompeticion.com\\\/en\\\/nuevo-exito-en-la-baja-extremadura-para-vm-competicion\\\/#breadcrumb\",\"itemListElement\":[{\"@type\":\"ListItem\",\"position\":1,\"name\":\"Portada\",\"item\":\"https:\\\/\\\/vmcompeticion.com\\\/en\\\/\"},{\"@type\":\"ListItem\",\"position\":2,\"name\":\"NEW TRIUMPH IN 2022 BAJA EXTREMADURA FOR VM COMPETITION\"}]},{\"@type\":\"WebSite\",\"@id\":\"https:\\\/\\\/vmcompeticion.com\\\/en\\\/#website\",\"url\":\"https:\\\/\\\/vmcompeticion.com\\\/en\\\/\",\"name\":\"VM Competici\u00f3n\",\"description\":\"Veh\u00edculos de competici\u00f3n Off-Road\",\"potentialAction\":[{\"@type\":\"SearchAction\",\"target\":{\"@type\":\"EntryPoint\",\"urlTemplate\":\"https:\\\/\\\/vmcompeticion.com\\\/en\\\/?s={search_term_string}\"},\"query-input\":{\"@type\":\"PropertyValueSpecification\",\"valueRequired\":true,\"valueName\":\"search_term_string\"}}],\"inLanguage\":\"en-US\"},{\"@type\":\"Person\",\"@id\":\"https:\\\/\\\/vmcompeticion.com\\\/en\\\/#\\\/schema\\\/person\\\/8d1d5b610a085ed60c4a05c2c3a3b235\",\"name\":\"VM Competicion\",\"image\":{\"@type\":\"ImageObject\",\"inLanguage\":\"en-US\",\"@id\":\"https:\\\/\\\/secure.gravatar.com\\\/avatar\\\/dfcb09a36b2e0aa507e65d859c8e8ff69e2d6dbe459a7d91a4015ce31a929c29?s=96&d=mm&r=g\",\"url\":\"https:\\\/\\\/secure.gravatar.com\\\/avatar\\\/dfcb09a36b2e0aa507e65d859c8e8ff69e2d6dbe459a7d91a4015ce31a929c29?s=96&d=mm&r=g\",\"contentUrl\":\"https:\\\/\\\/secure.gravatar.com\\\/avatar\\\/dfcb09a36b2e0aa507e65d859c8e8ff69e2d6dbe459a7d91a4015ce31a929c29?s=96&d=mm&r=g\",\"caption\":\"VM Competicion\"},\"url\":\"https:\\\/\\\/vmcompeticion.com\\\/en\\\/author\\\/vm-competicion\\\/\"}]}<\/script>\n<!-- \/ Yoast SEO plugin. -->","yoast_head_json":{"title":"NEW TRIUMPH IN 2022 BAJA EXTREMADURA FOR VM COMPETITION - VM Competici\u00f3n","robots":{"index":"index","follow":"follow","max-snippet":"max-snippet:-1","max-image-preview":"max-image-preview:large","max-video-preview":"max-video-preview:-1"},"canonical":"https:\/\/vmcompeticion.com\/en\/nuevo-exito-en-la-baja-extremadura-para-vm-competicion\/","og_locale":"en_US","og_type":"article","og_title":"NEW TRIUMPH IN 2022 BAJA EXTREMADURA FOR VM COMPETITION - VM Competici\u00f3n","og_description":"[vc_row][vc_column][vc_column_text] PODIUM AGAIN IN A COMPLICATED BAJA [\/vc_column_text][\/vc_column][\/vc_row][vc_row][vc_column][vc_column_text]During the weekend from April 28 to May 1, the Baja TT Dehesa Extremadura was held, the first valid race for the European Bajas Cross Country Championship, as well as being the first race of the Spanish All-Terrain Rally Championship. . VM participated with three vehicles: Two in[...] Read More","og_url":"https:\/\/vmcompeticion.com\/en\/nuevo-exito-en-la-baja-extremadura-para-vm-competicion\/","og_site_name":"VM Competici\u00f3n","article_publisher":"https:\/\/www.facebook.com\/vm.competicion.2016","article_published_time":"2022-06-14T15:47:44+00:00","article_modified_time":"2023-07-06T15:37:15+00:00","og_image":[{"width":1915,"height":763,"url":"https:\/\/vmcompeticion.com\/wp-content\/uploads\/2022\/06\/VM_Extremadura_00.jpg","type":"image\/jpeg"}],"author":"VM Competicion","twitter_card":"summary_large_image","twitter_creator":"@vmcompeticion","twitter_site":"@vmcompeticion","twitter_misc":{"Written by":"VM Competicion","Est. reading time":"3 minutes"},"schema":{"@context":"https:\/\/schema.org","@graph":[{"@type":"Article","@id":"https:\/\/vmcompeticion.com\/en\/nuevo-exito-en-la-baja-extremadura-para-vm-competicion\/#article","isPartOf":{"@id":"https:\/\/vmcompeticion.com\/en\/nuevo-exito-en-la-baja-extremadura-para-vm-competicion\/"},"author":{"name":"VM Competicion","@id":"https:\/\/vmcompeticion.com\/en\/#\/schema\/person\/8d1d5b610a085ed60c4a05c2c3a3b235"},"headline":"NEW TRIUMPH IN 2022 BAJA EXTREMADURA FOR VM COMPETITION","datePublished":"2022-06-14T15:47:44+00:00","dateModified":"2023-07-06T15:37:15+00:00","mainEntityOfPage":{"@id":"https:\/\/vmcompeticion.com\/en\/nuevo-exito-en-la-baja-extremadura-para-vm-competicion\/"},"wordCount":559,"commentCount":0,"image":{"@id":"https:\/\/vmcompeticion.com\/en\/nuevo-exito-en-la-baja-extremadura-para-vm-competicion\/#primaryimage"},"thumbnailUrl":"https:\/\/vmcompeticion.com\/wp-content\/uploads\/2022\/06\/VM_Extremadura_00.jpg","inLanguage":"en-US","potentialAction":[{"@type":"CommentAction","name":"Comment","target":["https:\/\/vmcompeticion.com\/en\/nuevo-exito-en-la-baja-extremadura-para-vm-competicion\/#respond"]}]},{"@type":"WebPage","@id":"https:\/\/vmcompeticion.com\/en\/nuevo-exito-en-la-baja-extremadura-para-vm-competicion\/","url":"https:\/\/vmcompeticion.com\/en\/nuevo-exito-en-la-baja-extremadura-para-vm-competicion\/","name":"NEW TRIUMPH IN 2022 BAJA EXTREMADURA FOR VM COMPETITION - VM Competici\u00f3n","isPartOf":{"@id":"https:\/\/vmcompeticion.com\/en\/#website"},"primaryImageOfPage":{"@id":"https:\/\/vmcompeticion.com\/en\/nuevo-exito-en-la-baja-extremadura-para-vm-competicion\/#primaryimage"},"image":{"@id":"https:\/\/vmcompeticion.com\/en\/nuevo-exito-en-la-baja-extremadura-para-vm-competicion\/#primaryimage"},"thumbnailUrl":"https:\/\/vmcompeticion.com\/wp-content\/uploads\/2022\/06\/VM_Extremadura_00.jpg","datePublished":"2022-06-14T15:47:44+00:00","dateModified":"2023-07-06T15:37:15+00:00","author":{"@id":"https:\/\/vmcompeticion.com\/en\/#\/schema\/person\/8d1d5b610a085ed60c4a05c2c3a3b235"},"breadcrumb":{"@id":"https:\/\/vmcompeticion.com\/en\/nuevo-exito-en-la-baja-extremadura-para-vm-competicion\/#breadcrumb"},"inLanguage":"en-US","potentialAction":[{"@type":"ReadAction","target":["https:\/\/vmcompeticion.com\/en\/nuevo-exito-en-la-baja-extremadura-para-vm-competicion\/"]}]},{"@type":"ImageObject","inLanguage":"en-US","@id":"https:\/\/vmcompeticion.com\/en\/nuevo-exito-en-la-baja-extremadura-para-vm-competicion\/#primaryimage","url":"https:\/\/vmcompeticion.com\/wp-content\/uploads\/2022\/06\/VM_Extremadura_00.jpg","contentUrl":"https:\/\/vmcompeticion.com\/wp-content\/uploads\/2022\/06\/VM_Extremadura_00.jpg","width":1915,"height":763},{"@type":"BreadcrumbList","@id":"https:\/\/vmcompeticion.com\/en\/nuevo-exito-en-la-baja-extremadura-para-vm-competicion\/#breadcrumb","itemListElement":[{"@type":"ListItem","position":1,"name":"Portada","item":"https:\/\/vmcompeticion.com\/en\/"},{"@type":"ListItem","position":2,"name":"NEW TRIUMPH IN 2022 BAJA EXTREMADURA FOR VM COMPETITION"}]},{"@type":"WebSite","@id":"https:\/\/vmcompeticion.com\/en\/#website","url":"https:\/\/vmcompeticion.com\/en\/","name":"VM Competici\u00f3n","description":"Veh\u00edculos de competici\u00f3n Off-Road","potentialAction":[{"@type":"SearchAction","target":{"@type":"EntryPoint","urlTemplate":"https:\/\/vmcompeticion.com\/en\/?s={search_term_string}"},"query-input":{"@type":"PropertyValueSpecification","valueRequired":true,"valueName":"search_term_string"}}],"inLanguage":"en-US"},{"@type":"Person","@id":"https:\/\/vmcompeticion.com\/en\/#\/schema\/person\/8d1d5b610a085ed60c4a05c2c3a3b235","name":"VM Competicion","image":{"@type":"ImageObject","inLanguage":"en-US","@id":"https:\/\/secure.gravatar.com\/avatar\/dfcb09a36b2e0aa507e65d859c8e8ff69e2d6dbe459a7d91a4015ce31a929c29?s=96&d=mm&r=g","url":"https:\/\/secure.gravatar.com\/avatar\/dfcb09a36b2e0aa507e65d859c8e8ff69e2d6dbe459a7d91a4015ce31a929c29?s=96&d=mm&r=g","contentUrl":"https:\/\/secure.gravatar.com\/avatar\/dfcb09a36b2e0aa507e65d859c8e8ff69e2d6dbe459a7d91a4015ce31a929c29?s=96&d=mm&r=g","caption":"VM Competicion"},"url":"https:\/\/vmcompeticion.com\/en\/author\/vm-competicion\/"}]}},"_links":{"self":[{"href":"https:\/\/vmcompeticion.com\/en\/wp-json\/wp\/v2\/posts\/3361","targetHints":{"allow":["GET"]}}],"collection":[{"href":"https:\/\/vmcompeticion.com\/en\/wp-json\/wp\/v2\/posts"}],"about":[{"href":"https:\/\/vmcompeticion.com\/en\/wp-json\/wp\/v2\/types\/post"}],"author":[{"embeddable":true,"href":"https:\/\/vmcompeticion.com\/en\/wp-json\/wp\/v2\/users\/4"}],"replies":[{"embeddable":true,"href":"https:\/\/vmcompeticion.com\/en\/wp-json\/wp\/v2\/comments?post=3361"}],"version-history":[{"count":4,"href":"https:\/\/vmcompeticion.com\/en\/wp-json\/wp\/v2\/posts\/3361\/revisions"}],"predecessor-version":[{"id":3365,"href":"https:\/\/vmcompeticion.com\/en\/wp-json\/wp\/v2\/posts\/3361\/revisions\/3365"}],"wp:featuredmedia":[{"embeddable":true,"href":"https:\/\/vmcompeticion.com\/en\/wp-json\/wp\/v2\/media\/2990"}],"wp:attachment":[{"href":"https:\/\/vmcompeticion.com\/en\/wp-json\/wp\/v2\/media?parent=3361"}],"wp:term":[{"taxonomy":"category","embeddable":true,"href":"https:\/\/vmcompeticion.com\/en\/wp-json\/wp\/v2\/categories?post=3361"},{"taxonomy":"post_tag","embeddable":true,"href":"https:\/\/vmcompeticion.com\/en\/wp-json\/wp\/v2\/tags?post=3361"}],"curies":[{"name":"wp","href":"https:\/\/api.w.org\/{rel}","templated":true}]}}